{"id":100,"date":"2024-03-11T08:48:54","date_gmt":"2024-03-11T07:48:54","guid":{"rendered":"https:\/\/www.xn--radonmtningarbetsplats-54b.nu\/?p=100"},"modified":"2024-03-11T08:49:30","modified_gmt":"2024-03-11T07:49:30","slug":"viktig-information-om-matning-av-radon-pa-arbetsplatsen","status":"publish","type":"post","link":"https:\/\/www.xn--radonmtningarbetsplats-54b.nu\/?p=100","title":{"rendered":"Viktig information om m\u00e4tning av radon p\u00e5 arbetsplatsen"},"content":{"rendered":"\n<p>N\u00e4r det handlar om radon och radonm\u00e4tning p\u00e5 arbetsplatsen \u00e4r det av yttersta vikt att arbetsgivaren tar ansvar f\u00f6r arbetsmilj\u00f6n. Det inneb\u00e4r att man m\u00e5ste vara medveten om radonhalten f\u00f6r att s\u00e4kerst\u00e4lla att de anst\u00e4llda k\u00e4nner sig trygga och s\u00e4kra under sin arbetsdag.<\/p>\n\n\n\n<p>Reglering av radon p\u00e5 arbetsplatser finns bland annat i str\u00e5lskyddslagen (SFS 2018:396), str\u00e5lskyddsf\u00f6rordningen (SFS 2018:506) samt i Arbetsmilj\u00f6verkets f\u00f6reskrifter och allm\u00e4nna r\u00e5d om hygieniska gr\u00e4nsv\u00e4rden (AFS 2018:1) f\u00f6r radonexponering.<\/p>\n\n\n\n<h2 class=\"wp-block-heading\">Radon &#8211; en h\u00e4lsorisk<\/h2>\n\n\n\n<p>Det \u00e4r v\u00e4l k\u00e4nt att inandning av <a href=\"https:\/\/www.aftonbladet.se\/minekonomi\/a\/abdrm2\/skyhoga-radonhalter-pa-flera-arbetsplatser\">radon utg\u00f6r en h\u00e4lsorisk<\/a>, fr\u00e4mst genom att \u00f6ka risken f\u00f6r lungcancer vid l\u00e5ngvarig exponering. I Sverige \u00e4r radon den n\u00e4st vanligaste orsaken till lungcancer efter r\u00f6kning, och enligt Str\u00e5ls\u00e4kerhetsmyndigheten orsakar det omkring 400-500 lungcancerfall varje \u00e5r. Med tanke p\u00e5 denna fara har Folkh\u00e4lsomyndigheten fastst\u00e4llt att radonhalten inte b\u00f6r \u00f6verstiga 200 Bq\/m3 i bost\u00e4der och allm\u00e4nna lokaler.<\/p>\n\n\n\n<h2 class=\"wp-block-heading\">M\u00e4tning av radon p\u00e5 arbetsplatsen<\/h2>\n\n\n\n<p>Om det inte finns n\u00e5gon tidigare <a href=\"https:\/\/www.radonm\u00e4tningarbetsplats.nu\">m\u00e4tning av radonhalten p\u00e5 arbetsplatsen<\/a> eller om den senaste m\u00e4tningen \u00e4r \u00e4ldre \u00e4n tio \u00e5r m\u00e5ste en ny m\u00e4tning genomf\u00f6ras. Dessutom b\u00f6r en m\u00e4tning utf\u00f6ras efter byggnads\u00e5tg\u00e4rder som kan p\u00e5verka radonhalten, till exempel f\u00f6r\u00e4ndringar i v\u00e4rme, ventilation, vatten eller h\u00e5ltagning i byggnadens struktur. Under m\u00e4tningen ska arbetsverksamheten p\u00e5g\u00e5 som vanligt f\u00f6r att spegla de faktiska f\u00f6rh\u00e5llandena.<\/p>\n\n\n\n<p>M\u00e4tningen ska utf\u00f6ras under eldningss\u00e4songen (1 oktober till 30 april) och b\u00f6r omfatta tv\u00e5 steg: en orienterande l\u00e5ngtidsm\u00e4tning (minst 60 dagar) med sp\u00e5rfilm (radonm\u00e4tare), f\u00f6ljt av en uppf\u00f6ljande korttidsm\u00e4tning om den orienterande m\u00e4tningen visar att radonhalten \u00f6verstiger g\u00e4llande gr\u00e4nsv\u00e4rden.<\/p>\n\n\n\n<h2 class=\"wp-block-heading\">Ny metodbeskrivning f\u00f6r radonm\u00e4tning p\u00e5 arbetsplatser<\/h2>\n\n\n\n<p>Fr\u00e5n och med den 1 oktober 2021 g\u00e4ller en f\u00f6rb\u00e4ttrad metodbeskrivning f\u00f6r radonm\u00e4tning p\u00e5 arbetsplatser. Denna nya metodbeskrivning syftar till att f\u00f6rb\u00e4ttra noggrannheten vid best\u00e4mning av radonhalten och ers\u00e4tter den tidigare fr\u00e5n 2004.<\/p>\n\n\n\n<h2 class=\"wp-block-heading\">Utf\u00f6rande av radonm\u00e4tning<\/h2>\n\n\n\n<p>Prim\u00e4rt b\u00f6r radonm\u00e4tning ske genom en l\u00e5ngtidsm\u00e4tning f\u00f6r att uppskatta \u00e5rsmedelv\u00e4rdet av radonhalten under arbetstid. Om detta inte \u00e4r m\u00f6jligt kan en korttidsm\u00e4tning eller en momentan m\u00e4tning anv\u00e4ndas f\u00f6r att best\u00e4mma radonhalten, \u00e4ven om de inte kan anv\u00e4ndas f\u00f6r att uppskatta \u00e5rsmedelv\u00e4rdet. M\u00e4tningen b\u00f6r planeras och utf\u00f6ras s\u00e5 att den \u00e4r representativ f\u00f6r de anst\u00e4lldas vistelse p\u00e5 arbetsplatsen, med normal inst\u00e4llning av uppv\u00e4rmning och ventilation under m\u00e4tperioden.<\/p>\n\n\n\n<h2 class=\"wp-block-heading\">\u00c5tg\u00e4rder vid f\u00f6rh\u00f6jda radonhalter<\/h2>\n\n\n\n<p>Vid f\u00f6rh\u00f6jda radonhalter b\u00f6r arbetsgivaren vidta l\u00e4mpliga \u00e5tg\u00e4rder f\u00f6r att minska dem. Efter eventuell radonsanering b\u00f6r en ny l\u00e5ngtidsm\u00e4tning genomf\u00f6ras f\u00f6r att kontrollera effekten av \u00e5tg\u00e4rderna.<\/p>\n\n\n\n<h2 class=\"wp-block-heading\">Att utf\u00f6ra en radonm\u00e4tning \u00e4r enkelt<\/h2>\n\n\n\n<p>Genom att anv\u00e4nda m\u00e4tdosor fr\u00e5n ett SWEDAC-ackrediterat laboratorium kan man enkelt utf\u00f6ra en radonm\u00e4tning p\u00e5 arbetsplatsen och erh\u00e5lla ett tillf\u00f6rlitligt \u00e5rsmedelv\u00e4rde.<\/p>\n","protected":false},"excerpt":{"rendered":"<p>N\u00e4r det handlar om radon och radonm\u00e4tning p\u00e5 arbetsplatsen \u00e4r det av yttersta vikt att arbetsgivaren tar ansvar f\u00f6r arbetsmilj\u00f6n. Det inneb\u00e4r att man m\u00e5ste vara medveten om radonhalten f\u00f6r att s\u00e4kerst\u00e4lla att de anst\u00e4llda k\u00e4nner sig trygga och s\u00e4kra under sin arbetsdag. Reglering av radon p\u00e5 arbetsplatser finns bland annat i str\u00e5lskyddslagen (SFS 2018:396), [&hellip;]<\/p>\n","protected":false},"author":3,"featured_media":18,"comment_status":"closed","ping_status":"closed","sticky":false,"template":"","format":"standard","meta":{"_jetpack_memberships_contains_paid_content":false,"footnotes":""},"categories":[4],"tags":[],"class_list":["post-100","post","type-post","status-publish","format-standard","has-post-thumbnail","hentry","category-radonmatning"],"yoast_head":"<!-- This site is optimized with the Yoast SEO plugin v27.5 - https:\/\/yoast.com\/product\/yoast-seo-wordpress\/ -->\n<title>Viktig information om m\u00e4tning av radon p\u00e5 arbetsplatsen - Radonm\u00e4tning - arbetsplats<\/title>\n<meta name=\"description\" content=\"Det \u00e4r v\u00e4l k\u00e4nt att inandning av radon utg\u00f6r en h\u00e4lsorisk, fr\u00e4mst genom att \u00f6ka risken f\u00f6r lungcancer vid l\u00e5ngvarig exponering.\" \/>\n<meta name=\"robots\" content=\"index, follow, max-snippet:-1, max-image-preview:large, max-video-preview:-1\" \/>\n<link rel=\"canonical\" href=\"https:\/\/www.xn--radonmtningarbetsplats-54b.nu\/?p=100\" \/>\n<meta property=\"og:locale\" content=\"sv_SE\" \/>\n<meta property=\"og:type\" content=\"article\" \/>\n<meta property=\"og:title\" content=\"Viktig information om m\u00e4tning av radon p\u00e5 arbetsplatsen - Radonm\u00e4tning - arbetsplats\" \/>\n<meta property=\"og:description\" content=\"Det \u00e4r v\u00e4l k\u00e4nt att inandning av radon utg\u00f6r en h\u00e4lsorisk, fr\u00e4mst genom att \u00f6ka risken f\u00f6r lungcancer vid l\u00e5ngvarig exponering.\" \/>\n<meta property=\"og:url\" content=\"https:\/\/www.xn--radonmtningarbetsplats-54b.nu\/?p=100\" \/>\n<meta property=\"og:site_name\" content=\"Radonm\u00e4tning - arbetsplats\" \/>\n<meta property=\"article:published_time\" content=\"2024-03-11T07:48:54+00:00\" \/>\n<meta property=\"article:modified_time\" content=\"2024-03-11T07:49:30+00:00\" \/>\n<meta property=\"og:image\" content=\"https:\/\/www.xn--radonmtningarbetsplats-54b.nu\/wp-content\/uploads\/2023\/05\/radon-workplace.jpg\" \/>\n\t<meta property=\"og:image:width\" content=\"1920\" \/>\n\t<meta property=\"og:image:height\" content=\"1080\" \/>\n\t<meta property=\"og:image:type\" content=\"image\/jpeg\" \/>\n<meta name=\"author\" content=\"Alexandra\" \/>\n<meta name=\"twitter:card\" content=\"summary_large_image\" \/>\n<meta name=\"twitter:label1\" content=\"Skriven av\" \/>\n\t<meta name=\"twitter:data1\" content=\"Alexandra\" \/>\n\t<meta name=\"twitter:label2\" content=\"Ber\u00e4knad l\u00e4stid\" \/>\n\t<meta name=\"twitter:data2\" content=\"3 minuter\" \/>\n<script type=\"application\/ld+json\" class=\"yoast-schema-graph\">{\"@context\":\"https:\\\/\\\/schema.org\",\"@graph\":[{\"@type\":\"Article\",\"@id\":\"https:\\\/\\\/www.xn--radonmtningarbetsplats-54b.nu\\\/?p=100#article\",\"isPartOf\":{\"@id\":\"https:\\\/\\\/www.xn--radonmtningarbetsplats-54b.nu\\\/?p=100\"},\"author\":{\"name\":\"Alexandra\",\"@id\":\"https:\\\/\\\/www.xn--radonmtningarbetsplats-54b.nu\\\/#\\\/schema\\\/person\\\/c83202e79d307c524147ae3fb835f7bd\"},\"headline\":\"Viktig information om m\u00e4tning av radon p\u00e5 arbetsplatsen\",\"datePublished\":\"2024-03-11T07:48:54+00:00\",\"dateModified\":\"2024-03-11T07:49:30+00:00\",\"mainEntityOfPage\":{\"@id\":\"https:\\\/\\\/www.xn--radonmtningarbetsplats-54b.nu\\\/?p=100\"},\"wordCount\":551,\"image\":{\"@id\":\"https:\\\/\\\/www.xn--radonmtningarbetsplats-54b.nu\\\/?p=100#primaryimage\"},\"thumbnailUrl\":\"https:\\\/\\\/www.xn--radonmtningarbetsplats-54b.nu\\\/wp-content\\\/uploads\\\/2023\\\/05\\\/radon-workplace.jpg\",\"articleSection\":[\"Radonm\u00e4tning\"],\"inLanguage\":\"sv-SE\"},{\"@type\":\"WebPage\",\"@id\":\"https:\\\/\\\/www.xn--radonmtningarbetsplats-54b.nu\\\/?p=100\",\"url\":\"https:\\\/\\\/www.xn--radonmtningarbetsplats-54b.nu\\\/?p=100\",\"name\":\"Viktig information om m\u00e4tning av radon p\u00e5 arbetsplatsen - Radonm\u00e4tning - arbetsplats\",\"isPartOf\":{\"@id\":\"https:\\\/\\\/www.xn--radonmtningarbetsplats-54b.nu\\\/#website\"},\"primaryImageOfPage\":{\"@id\":\"https:\\\/\\\/www.xn--radonmtningarbetsplats-54b.nu\\\/?p=100#primaryimage\"},\"image\":{\"@id\":\"https:\\\/\\\/www.xn--radonmtningarbetsplats-54b.nu\\\/?p=100#primaryimage\"},\"thumbnailUrl\":\"https:\\\/\\\/www.xn--radonmtningarbetsplats-54b.nu\\\/wp-content\\\/uploads\\\/2023\\\/05\\\/radon-workplace.jpg\",\"datePublished\":\"2024-03-11T07:48:54+00:00\",\"dateModified\":\"2024-03-11T07:49:30+00:00\",\"author\":{\"@id\":\"https:\\\/\\\/www.xn--radonmtningarbetsplats-54b.nu\\\/#\\\/schema\\\/person\\\/c83202e79d307c524147ae3fb835f7bd\"},\"description\":\"Det \u00e4r v\u00e4l k\u00e4nt att inandning av radon utg\u00f6r en h\u00e4lsorisk, fr\u00e4mst genom att \u00f6ka risken f\u00f6r lungcancer vid l\u00e5ngvarig exponering.\",\"breadcrumb\":{\"@id\":\"https:\\\/\\\/www.xn--radonmtningarbetsplats-54b.nu\\\/?p=100#breadcrumb\"},\"inLanguage\":\"sv-SE\",\"potentialAction\":[{\"@type\":\"ReadAction\",\"target\":[\"https:\\\/\\\/www.xn--radonmtningarbetsplats-54b.nu\\\/?p=100\"]}]},{\"@type\":\"ImageObject\",\"inLanguage\":\"sv-SE\",\"@id\":\"https:\\\/\\\/www.xn--radonmtningarbetsplats-54b.nu\\\/?p=100#primaryimage\",\"url\":\"https:\\\/\\\/www.xn--radonmtningarbetsplats-54b.nu\\\/wp-content\\\/uploads\\\/2023\\\/05\\\/radon-workplace.jpg\",\"contentUrl\":\"https:\\\/\\\/www.xn--radonmtningarbetsplats-54b.nu\\\/wp-content\\\/uploads\\\/2023\\\/05\\\/radon-workplace.jpg\",\"width\":1920,\"height\":1080,\"caption\":\"M\u00e4ta radon arbetsplats\"},{\"@type\":\"BreadcrumbList\",\"@id\":\"https:\\\/\\\/www.xn--radonmtningarbetsplats-54b.nu\\\/?p=100#breadcrumb\",\"itemListElement\":[{\"@type\":\"ListItem\",\"position\":1,\"name\":\"Hem\",\"item\":\"https:\\\/\\\/www.xn--radonmtningarbetsplats-54b.nu\\\/\"},{\"@type\":\"ListItem\",\"position\":2,\"name\":\"Viktig information om m\u00e4tning av radon p\u00e5 arbetsplatsen\"}]},{\"@type\":\"WebSite\",\"@id\":\"https:\\\/\\\/www.xn--radonmtningarbetsplats-54b.nu\\\/#website\",\"url\":\"https:\\\/\\\/www.xn--radonmtningarbetsplats-54b.nu\\\/\",\"name\":\"Radonm\u00e4tning - arbetsplats\",\"description\":\"P\u00e5 arbetsplatsen \u00e4r det viktigt att k\u00e4nna sig trygg och s\u00e4ker.\",\"potentialAction\":[{\"@type\":\"SearchAction\",\"target\":{\"@type\":\"EntryPoint\",\"urlTemplate\":\"https:\\\/\\\/www.xn--radonmtningarbetsplats-54b.nu\\\/?s={search_term_string}\"},\"query-input\":{\"@type\":\"PropertyValueSpecification\",\"valueRequired\":true,\"valueName\":\"search_term_string\"}}],\"inLanguage\":\"sv-SE\"},{\"@type\":\"Person\",\"@id\":\"https:\\\/\\\/www.xn--radonmtningarbetsplats-54b.nu\\\/#\\\/schema\\\/person\\\/c83202e79d307c524147ae3fb835f7bd\",\"name\":\"Alexandra\",\"image\":{\"@type\":\"ImageObject\",\"inLanguage\":\"sv-SE\",\"@id\":\"https:\\\/\\\/secure.gravatar.com\\\/avatar\\\/d46957401112d8a1df47e6cbb9d1f7267708a8afece2da329f91fe2d526af33b?s=96&d=mm&r=g\",\"url\":\"https:\\\/\\\/secure.gravatar.com\\\/avatar\\\/d46957401112d8a1df47e6cbb9d1f7267708a8afece2da329f91fe2d526af33b?s=96&d=mm&r=g\",\"contentUrl\":\"https:\\\/\\\/secure.gravatar.com\\\/avatar\\\/d46957401112d8a1df47e6cbb9d1f7267708a8afece2da329f91fe2d526af33b?s=96&d=mm&r=g\",\"caption\":\"Alexandra\"},\"url\":\"https:\\\/\\\/www.xn--radonmtningarbetsplats-54b.nu\\\/?author=3\"}]}<\/script>\n<!-- \/ Yoast SEO plugin. -->","yoast_head_json":{"title":"Viktig information om m\u00e4tning av radon p\u00e5 arbetsplatsen - Radonm\u00e4tning - arbetsplats","description":"Det \u00e4r v\u00e4l k\u00e4nt att inandning av radon utg\u00f6r en h\u00e4lsorisk, fr\u00e4mst genom att \u00f6ka risken f\u00f6r lungcancer vid l\u00e5ngvarig exponering.","robots":{"index":"index","follow":"follow","max-snippet":"max-snippet:-1","max-image-preview":"max-image-preview:large","max-video-preview":"max-video-preview:-1"},"canonical":"https:\/\/www.xn--radonmtningarbetsplats-54b.nu\/?p=100","og_locale":"sv_SE","og_type":"article","og_title":"Viktig information om m\u00e4tning av radon p\u00e5 arbetsplatsen - Radonm\u00e4tning - arbetsplats","og_description":"Det \u00e4r v\u00e4l k\u00e4nt att inandning av radon utg\u00f6r en h\u00e4lsorisk, fr\u00e4mst genom att \u00f6ka risken f\u00f6r lungcancer vid l\u00e5ngvarig exponering.","og_url":"https:\/\/www.xn--radonmtningarbetsplats-54b.nu\/?p=100","og_site_name":"Radonm\u00e4tning - arbetsplats","article_published_time":"2024-03-11T07:48:54+00:00","article_modified_time":"2024-03-11T07:49:30+00:00","og_image":[{"width":1920,"height":1080,"url":"https:\/\/www.xn--radonmtningarbetsplats-54b.nu\/wp-content\/uploads\/2023\/05\/radon-workplace.jpg","type":"image\/jpeg"}],"author":"Alexandra","twitter_card":"summary_large_image","twitter_misc":{"Skriven av":"Alexandra","Ber\u00e4knad l\u00e4stid":"3 minuter"},"schema":{"@context":"https:\/\/schema.org","@graph":[{"@type":"Article","@id":"https:\/\/www.xn--radonmtningarbetsplats-54b.nu\/?p=100#article","isPartOf":{"@id":"https:\/\/www.xn--radonmtningarbetsplats-54b.nu\/?p=100"},"author":{"name":"Alexandra","@id":"https:\/\/www.xn--radonmtningarbetsplats-54b.nu\/#\/schema\/person\/c83202e79d307c524147ae3fb835f7bd"},"headline":"Viktig information om m\u00e4tning av radon p\u00e5 arbetsplatsen","datePublished":"2024-03-11T07:48:54+00:00","dateModified":"2024-03-11T07:49:30+00:00","mainEntityOfPage":{"@id":"https:\/\/www.xn--radonmtningarbetsplats-54b.nu\/?p=100"},"wordCount":551,"image":{"@id":"https:\/\/www.xn--radonmtningarbetsplats-54b.nu\/?p=100#primaryimage"},"thumbnailUrl":"https:\/\/www.xn--radonmtningarbetsplats-54b.nu\/wp-content\/uploads\/2023\/05\/radon-workplace.jpg","articleSection":["Radonm\u00e4tning"],"inLanguage":"sv-SE"},{"@type":"WebPage","@id":"https:\/\/www.xn--radonmtningarbetsplats-54b.nu\/?p=100","url":"https:\/\/www.xn--radonmtningarbetsplats-54b.nu\/?p=100","name":"Viktig information om m\u00e4tning av radon p\u00e5 arbetsplatsen - Radonm\u00e4tning - arbetsplats","isPartOf":{"@id":"https:\/\/www.xn--radonmtningarbetsplats-54b.nu\/#website"},"primaryImageOfPage":{"@id":"https:\/\/www.xn--radonmtningarbetsplats-54b.nu\/?p=100#primaryimage"},"image":{"@id":"https:\/\/www.xn--radonmtningarbetsplats-54b.nu\/?p=100#primaryimage"},"thumbnailUrl":"https:\/\/www.xn--radonmtningarbetsplats-54b.nu\/wp-content\/uploads\/2023\/05\/radon-workplace.jpg","datePublished":"2024-03-11T07:48:54+00:00","dateModified":"2024-03-11T07:49:30+00:00","author":{"@id":"https:\/\/www.xn--radonmtningarbetsplats-54b.nu\/#\/schema\/person\/c83202e79d307c524147ae3fb835f7bd"},"description":"Det \u00e4r v\u00e4l k\u00e4nt att inandning av radon utg\u00f6r en h\u00e4lsorisk, fr\u00e4mst genom att \u00f6ka risken f\u00f6r lungcancer vid l\u00e5ngvarig exponering.","breadcrumb":{"@id":"https:\/\/www.xn--radonmtningarbetsplats-54b.nu\/?p=100#breadcrumb"},"inLanguage":"sv-SE","potentialAction":[{"@type":"ReadAction","target":["https:\/\/www.xn--radonmtningarbetsplats-54b.nu\/?p=100"]}]},{"@type":"ImageObject","inLanguage":"sv-SE","@id":"https:\/\/www.xn--radonmtningarbetsplats-54b.nu\/?p=100#primaryimage","url":"https:\/\/www.xn--radonmtningarbetsplats-54b.nu\/wp-content\/uploads\/2023\/05\/radon-workplace.jpg","contentUrl":"https:\/\/www.xn--radonmtningarbetsplats-54b.nu\/wp-content\/uploads\/2023\/05\/radon-workplace.jpg","width":1920,"height":1080,"caption":"M\u00e4ta radon arbetsplats"},{"@type":"BreadcrumbList","@id":"https:\/\/www.xn--radonmtningarbetsplats-54b.nu\/?p=100#breadcrumb","itemListElement":[{"@type":"ListItem","position":1,"name":"Hem","item":"https:\/\/www.xn--radonmtningarbetsplats-54b.nu\/"},{"@type":"ListItem","position":2,"name":"Viktig information om m\u00e4tning av radon p\u00e5 arbetsplatsen"}]},{"@type":"WebSite","@id":"https:\/\/www.xn--radonmtningarbetsplats-54b.nu\/#website","url":"https:\/\/www.xn--radonmtningarbetsplats-54b.nu\/","name":"Radonm\u00e4tning - arbetsplats","description":"P\u00e5 arbetsplatsen \u00e4r det viktigt att k\u00e4nna sig trygg och s\u00e4ker.","potentialAction":[{"@type":"SearchAction","target":{"@type":"EntryPoint","urlTemplate":"https:\/\/www.xn--radonmtningarbetsplats-54b.nu\/?s={search_term_string}"},"query-input":{"@type":"PropertyValueSpecification","valueRequired":true,"valueName":"search_term_string"}}],"inLanguage":"sv-SE"},{"@type":"Person","@id":"https:\/\/www.xn--radonmtningarbetsplats-54b.nu\/#\/schema\/person\/c83202e79d307c524147ae3fb835f7bd","name":"Alexandra","image":{"@type":"ImageObject","inLanguage":"sv-SE","@id":"https:\/\/secure.gravatar.com\/avatar\/d46957401112d8a1df47e6cbb9d1f7267708a8afece2da329f91fe2d526af33b?s=96&d=mm&r=g","url":"https:\/\/secure.gravatar.com\/avatar\/d46957401112d8a1df47e6cbb9d1f7267708a8afece2da329f91fe2d526af33b?s=96&d=mm&r=g","contentUrl":"https:\/\/secure.gravatar.com\/avatar\/d46957401112d8a1df47e6cbb9d1f7267708a8afece2da329f91fe2d526af33b?s=96&d=mm&r=g","caption":"Alexandra"},"url":"https:\/\/www.xn--radonmtningarbetsplats-54b.nu\/?author=3"}]}},"jetpack_featured_media_url":"https:\/\/www.xn--radonmtningarbetsplats-54b.nu\/wp-content\/uploads\/2023\/05\/radon-workplace.jpg","jetpack_sharing_enabled":true,"_links":{"self":[{"href":"https:\/\/www.xn--radonmtningarbetsplats-54b.nu\/index.php?rest_route=\/wp\/v2\/posts\/100","targetHints":{"allow":["GET"]}}],"collection":[{"href":"https:\/\/www.xn--radonmtningarbetsplats-54b.nu\/index.php?rest_route=\/wp\/v2\/posts"}],"about":[{"href":"https:\/\/www.xn--radonmtningarbetsplats-54b.nu\/index.php?rest_route=\/wp\/v2\/types\/post"}],"author":[{"embeddable":true,"href":"https:\/\/www.xn--radonmtningarbetsplats-54b.nu\/index.php?rest_route=\/wp\/v2\/users\/3"}],"replies":[{"embeddable":true,"href":"https:\/\/www.xn--radonmtningarbetsplats-54b.nu\/index.php?rest_route=%2Fwp%2Fv2%2Fcomments&post=100"}],"version-history":[{"count":3,"href":"https:\/\/www.xn--radonmtningarbetsplats-54b.nu\/index.php?rest_route=\/wp\/v2\/posts\/100\/revisions"}],"predecessor-version":[{"id":104,"href":"https:\/\/www.xn--radonmtningarbetsplats-54b.nu\/index.php?rest_route=\/wp\/v2\/posts\/100\/revisions\/104"}],"wp:featuredmedia":[{"embeddable":true,"href":"https:\/\/www.xn--radonmtningarbetsplats-54b.nu\/index.php?rest_route=\/wp\/v2\/media\/18"}],"wp:attachment":[{"href":"https:\/\/www.xn--radonmtningarbetsplats-54b.nu\/index.php?rest_route=%2Fwp%2Fv2%2Fmedia&parent=100"}],"wp:term":[{"taxonomy":"category","embeddable":true,"href":"https:\/\/www.xn--radonmtningarbetsplats-54b.nu\/index.php?rest_route=%2Fwp%2Fv2%2Fcategories&post=100"},{"taxonomy":"post_tag","embeddable":true,"href":"https:\/\/www.xn--radonmtningarbetsplats-54b.nu\/index.php?rest_route=%2Fwp%2Fv2%2Ftags&post=100"}],"curies":[{"name":"wp","href":"https:\/\/api.w.org\/{rel}","templated":true}]}}